{"id":16698,"date":"2026-04-05T10:25:52","date_gmt":"2026-04-05T08:25:52","guid":{"rendered":"https:\/\/tozsdemuzeum.hu\/?p=16698"},"modified":"2026-04-05T10:25:52","modified_gmt":"2026-04-05T08:25:52","slug":"rovidesen-megnyilik-a-pesti-tozsde-vilaga-kiallitas","status":"publish","type":"post","link":"https:\/\/tozsdemuzeum.hu\/en\/2026\/04\/05\/rovidesen-megnyilik-a-pesti-tozsde-vilaga-kiallitas\/","title":{"rendered":"The World of the Pesti Stock Exchange exhibition will open soon"},"content":{"rendered":"<p>In cooperation with the Stock Exchange Museum Portal and the MNM Hungarian Museum of Commerce and Hospitality, the exhibition \u201cThe World of the Budapest Stock Exchange - History of the Budapest Commodity and Value Exchange (1864-1948)\u201d will open on 17 April 2026. The exhibition will be open to the public until 18 October 2026. <a href=\"https:\/\/mkvm.hu\/\">MKVM<\/a>-(1031 Budapest, Korona t\u00e9r 1.).<\/p>\n<p>The exhibition looks at the history of this stock exchange, from its hopeful inception to its tragic end, including the buildings that housed it and the history of the exchange's news and exchange services. On the other hand, we present the history of six major companies and their leading managers, in whose development the former stock exchange played a significant role.<\/p>\n<p>The exhibition will include objects and documents from a number of Hungarian museums and private collectors - some of them on public display for the first time at this exhibition, and a big surprise in store. We are looking forward to welcoming you!<\/p>","protected":false},"excerpt":{"rendered":"<p>A T\u0151zsdem\u00fazeum port\u00e1l \u00e9s a MNM Magyar Kereskedelmi \u00e9s Vend\u00e9gl\u00e1t\u00f3ipari M\u00fazeum egy\u00fcttm\u0171k\u00f6d\u00e9s\u00e9ben 2026. \u00e1prilis 17-\u00e9n megny\u00edlik a &#8220;A pesti t\u0151zsde vil\u00e1ga &#8211; a Budapesti \u00c1ru- \u00e9s \u00c9rt\u00e9kt\u0151zsde t\u00f6rt\u00e9nete (1864-1948)&#8221; c\u00edm\u0171 ki\u00e1ll\u00edt\u00e1s. A ki\u00e1ll\u00edt\u00e1s 2026. okt\u00f3ber 18-ig lesz l\u00e1togathat\u00f3 az MKVM-ben (1031 Budapest, Korona t\u00e9r 1.). A ki\u00e1ll\u00edt\u00e1son egyr\u00e9szt e t\u0151zsde t\u00f6rt\u00e9net\u00e9t tekintj\u00fck \u00e1t a rem\u00e9nyteli [&hellip;]<\/p>\n","protected":false},"author":1,"featured_media":16700,"comment_status":"closed","ping_status":"closed","sticky":false,"template":"","format":"standard","meta":{"_acf_changed":false,"_monsterinsights_skip_tracking":false,"_monsterinsights_sitenote_active":false,"_monsterinsights_sitenote_note":"","_monsterinsights_sitenote_category":0,"footnotes":""},"categories":[1],"tags":[],"class_list":["post-16698","post","type-post","status-publish","format-standard","has-post-thumbnail","hentry","category-egyeb"],"acf":[],"_links":{"self":[{"href":"https:\/\/tozsdemuzeum.hu\/en\/wp-json\/wp\/v2\/posts\/16698","targetHints":{"allow":["GET"]}}],"collection":[{"href":"https:\/\/tozsdemuzeum.hu\/en\/wp-json\/wp\/v2\/posts"}],"about":[{"href":"https:\/\/tozsdemuzeum.hu\/en\/wp-json\/wp\/v2\/types\/post"}],"author":[{"embeddable":true,"href":"https:\/\/tozsdemuzeum.hu\/en\/wp-json\/wp\/v2\/users\/1"}],"replies":[{"embeddable":true,"href":"https:\/\/tozsdemuzeum.hu\/en\/wp-json\/wp\/v2\/comments?post=16698"}],"version-history":[{"count":4,"href":"https:\/\/tozsdemuzeum.hu\/en\/wp-json\/wp\/v2\/posts\/16698\/revisions"}],"predecessor-version":[{"id":16703,"href":"https:\/\/tozsdemuzeum.hu\/en\/wp-json\/wp\/v2\/posts\/16698\/revisions\/16703"}],"wp:featuredmedia":[{"embeddable":true,"href":"https:\/\/tozsdemuzeum.hu\/en\/wp-json\/wp\/v2\/media\/16700"}],"wp:attachment":[{"href":"https:\/\/tozsdemuzeum.hu\/en\/wp-json\/wp\/v2\/media?parent=16698"}],"wp:term":[{"taxonomy":"category","embeddable":true,"href":"https:\/\/tozsdemuzeum.hu\/en\/wp-json\/wp\/v2\/categories?post=16698"},{"taxonomy":"post_tag","embeddable":true,"href":"https:\/\/tozsdemuzeum.hu\/en\/wp-json\/wp\/v2\/tags?post=16698"}],"curies":[{"name":"wp","href":"https:\/\/api.w.org\/{rel}","templated":true}]}}